{"id":6599,"date":"2017-01-03T13:36:38","date_gmt":"2017-01-03T12:36:38","guid":{"rendered":"https:\/\/t2b.ch\/new\/?p=6599"},"modified":"2023-11-15T13:47:50","modified_gmt":"2023-11-15T12:47:50","slug":"3-jan17-yenlo-t2b-gruenden-joint-venture-yenlo-switzerland","status":"publish","type":"post","link":"https:\/\/t2b.ch\/en\/3-jan17-yenlo-t2b-gruenden-joint-venture-yenlo-switzerland\/","title":{"rendered":"3.Jan&#8217;17: Yenlo &amp; t2b gr\u00fcnden Joint-Venture Yenlo Switzerland"},"content":{"rendered":"<div data-elementor-type=\"wp-post\" data-elementor-id=\"6599\" class=\"elementor elementor-6599\" data-elementor-post-type=\"post\">\n\t\t\t\t\t\t<section class=\"elementor-section elementor-top-section elementor-element elementor-element-38d2e39 elementor-section-boxed elementor-section-height-default elementor-section-height-default wpr-particle-no wpr-jarallax-no wpr-parallax-no wpr-sticky-section-no wpr-equal-height-no\" data-id=\"38d2e39\" data-element_type=\"section\" data-e-type=\"section\">\n\t\t\t\t\t\t<div class=\"elementor-container elementor-column-gap-default\">\n\t\t\t\t\t<div class=\"elementor-column elementor-col-100 elementor-top-column elementor-element elementor-element-a49805a\" data-id=\"a49805a\" data-element_type=\"column\" data-e-type=\"column\">\n\t\t\t<div class=\"elementor-widget-wrap elementor-element-populated\">\n\t\t\t\t\t\t<div class=\"elementor-element elementor-element-913587d elementor-widget elementor-widget-text-editor\" data-id=\"913587d\" data-element_type=\"widget\" data-e-type=\"widget\" data-widget_type=\"text-editor.default\">\n\t\t\t\t<div class=\"elementor-widget-container\">\n\t\t\t\t\t\t\t\t\t<h6>Luzern, Basel und Schiphol-Rijk, Niederlande \u2013 Per 1. Januar 2017 startet das von Yenlo und t2b gemeinsam gehaltene Unternehmen mit Sitz in Luzern. Yenlo Switzerland bietet Dienstleistungen f\u00fcr Schweizer Kunden rund um die Open-Source Integrations-Plattform WSO2 an.<\/h6>\t\t\t\t\t\t\t\t<\/div>\n\t\t\t\t<\/div>\n\t\t\t\t<div class=\"elementor-element elementor-element-9dd5974 elementor-widget elementor-widget-text-editor\" data-id=\"9dd5974\" data-element_type=\"widget\" data-e-type=\"widget\" data-widget_type=\"text-editor.default\">\n\t\t\t\t<div class=\"elementor-widget-container\">\n\t\t\t\t\t\t\t\t\t<p>\u00a0Yenlo\u2019s CEO Ruben van der Zwan:\u00a0<i>\u201cWir unterst\u00fctzen bereits seit einigen Jahren Schweizer Kunden aus unseren Niederlassungen in Deutschland und den Niederlanden. Unser Servicegesch\u00e4ft w\u00e4chst stark und wir sind sehr gl\u00fccklich, einen starken Schweizer Partner gefunden zu haben, der langj\u00e4hrige IT Architektur-, Integrations- und Management-Erfahrung mitbringt.\u00bb<\/i><\/p>\t\t\t\t\t\t\t\t<\/div>\n\t\t\t\t<\/div>\n\t\t\t\t<div class=\"elementor-element elementor-element-fd17da2 elementor-widget elementor-widget-text-editor\" data-id=\"fd17da2\" data-element_type=\"widget\" data-e-type=\"widget\" data-widget_type=\"text-editor.default\">\n\t\t\t\t<div class=\"elementor-widget-container\">\n\t\t\t\t\t\t\t\t\t<p>t2b\u2019s CEO Patrick Toenz: \u201c<i>t2b arbeitet seit 2001 mit vielen kommerziellen Integrationsprodukten. Auf der Suche nach pragmatischen L\u00f6sungen f\u00fcr unsere Kunden hatte ich meine Experten beauftragt, WSO2\u2019s ESB, aber insbesondere auch die Funktionen API Management, Mobile\/Internet der Dinge und Prozess-Intelligence zu analysieren. Die einhellige Begeisterung meines Teams f\u00fcr diese sehr schlanke, effiziente und kosteng\u00fcnstige Integrations-Plattform mit dem ausgezeichneten Support liessen mich erkennen, dass WSO2 andere Anbieter in praktisch allen Belangen weit hinter sich l\u00e4sst. Deshalb habe ich Kontakt zu Yenlo aufgenommen.<\/i><\/p>\t\t\t\t\t\t\t\t<\/div>\n\t\t\t\t<\/div>\n\t\t\t\t<div class=\"elementor-element elementor-element-8f88424 elementor-widget elementor-widget-text-editor\" data-id=\"8f88424\" data-element_type=\"widget\" data-e-type=\"widget\" data-widget_type=\"text-editor.default\">\n\t\t\t\t<div class=\"elementor-widget-container\">\n\t\t\t\t\t\t\t\t\t<p><i>Yenlo ist WSO2 Premier Partner und hat viel Implementierungserfahrung \u2013 wir freuen uns darauf, gemeinsam WSO2 in der Schweiz weiter zu verbreiten.\u00bb<\/i><\/p>\t\t\t\t\t\t\t\t<\/div>\n\t\t\t\t<\/div>\n\t\t\t\t<div class=\"elementor-element elementor-element-2ab3113 elementor-widget elementor-widget-text-editor\" data-id=\"2ab3113\" data-element_type=\"widget\" data-e-type=\"widget\" data-widget_type=\"text-editor.default\">\n\t\t\t\t<div class=\"elementor-widget-container\">\n\t\t\t\t\t\t\t\t\t<p><b>\u00dcber Yenlo<\/b><\/p><p>Yenlo wurde 2007 als Integrations-Dienstleistungsunternehmen mit Fokus auf Open-Source und Java-basierten Middleware L\u00f6sungen gegr\u00fcndet. Yenlo ist WSO2 Premier Partner und erbringt weltweit Dienstleistungen rund um Integration. Dazu geh\u00f6ren Implementierung von Integrations-Plattformen, Software-Entwicklung, Schulung &amp; Zertifizierungen, wie auch Entwickler-Support und Betrieb.<\/p><p>Yenlo entwickelt sich vom Hauptsitz in den Niederlanden in eine internationale Firma &#8211; nun auch in die Schweiz.<\/p>\t\t\t\t\t\t\t\t<\/div>\n\t\t\t\t<\/div>\n\t\t\t\t<div class=\"elementor-element elementor-element-9121990 elementor-widget elementor-widget-text-editor\" data-id=\"9121990\" data-element_type=\"widget\" data-e-type=\"widget\" data-widget_type=\"text-editor.default\">\n\t\t\t\t<div class=\"elementor-widget-container\">\n\t\t\t\t\t\t\t\t\t<p><b>\u00dcber t2b<\/b><\/p><p>t2b wurde 2001 gegr\u00fcndet und ist eine unabh\u00e4ngige Beratungsfirma in den Bereichen IT\/Enterprise Architektur, Integration und Informations-Management. Die 25 erfahrenen Experten unterst\u00fctzen Kunden verschiedenster Branchen bei der Erarbeitung und der Umsetzung von Strategien in diesen IT Kernaufgaben.<br \/>t2b hat B\u00fcros in Basel und Bern und unterh\u00e4lt ein grosses Partner-Netzwerk in der Schweiz sowie in Portugal.<\/p>\t\t\t\t\t\t\t\t<\/div>\n\t\t\t\t<\/div>\n\t\t\t\t\t<\/div>\n\t\t<\/div>\n\t\t\t\t\t<\/div>\n\t\t<\/section>\n\t\t\t\t<\/div>","protected":false},"excerpt":{"rendered":"<p>Luzern, Basel und Schiphol-Rijk, Niederlande \u2013 Per 1. Januar 2017 startet das von Yenlo und t2b gemeinsam gehaltene Unternehmen mit Sitz in Luzern. Yenlo Switzerland bietet Dienstleistungen f\u00fcr Schweizer Kunden rund um die Open-Source Integrations-Plattform WSO2 an. Yenlo\u2019s CEO Ruben van der Zwan:\u00a0\u201cWir unterst\u00fctzen bereits seit einigen Jahren Schweizer Kunden aus unseren Niederlassungen in Deutschland<\/p>","protected":false},"author":1,"featured_media":6600,"comment_status":"closed","ping_status":"open","sticky":false,"template":"","format":"standard","meta":{"site-sidebar-layout":"default","site-content-layout":"default","ast-site-content-layout":"default","site-content-style":"default","site-sidebar-style":"default","ast-global-header-display":"","ast-banner-title-visibility":"","ast-main-header-display":"","ast-hfb-above-header-display":"","ast-hfb-below-header-display":"","ast-hfb-mobile-header-display":"","site-post-title":"","ast-breadcrumbs-content":"","ast-featured-img":"","footer-sml-layout":"","ast-disable-related-posts":"","theme-transparent-header-meta":"default","adv-header-id-meta":"","stick-header-meta":"","header-above-stick-meta":"","header-main-stick-meta":"","header-below-stick-meta":"","astra-migrate-meta-layouts":"default","ast-page-background-enabled":"default","ast-page-background-meta":{"desktop":{"background-color":"","background-image":"","background-repeat":"repeat","background-position":"center center","background-size":"auto","background-attachment":"scroll","background-type":"","background-media":"","overlay-type":"","overlay-color":"","overlay-opacity":"","overlay-gradient":""},"tablet":{"background-color":"","background-image":"","background-repeat":"repeat","background-position":"center center","background-size":"auto","background-attachment":"scroll","background-type":"","background-media":"","overlay-type":"","overlay-color":"","overlay-opacity":"","overlay-gradient":""},"mobile":{"background-color":"","background-image":"","background-repeat":"repeat","background-position":"center center","background-size":"auto","background-attachment":"scroll","background-type":"","background-media":"","overlay-type":"","overlay-color":"","overlay-opacity":"","overlay-gradient":""}},"ast-content-background-meta":{"desktop":{"background-color":"var(--ast-global-color-5)","background-image":"","background-repeat":"repeat","background-position":"center center","background-size":"auto","background-attachment":"scroll","background-type":"","background-media":"","overlay-type":"","overlay-color":"","overlay-opacity":"","overlay-gradient":""},"tablet":{"background-color":"var(--ast-global-color-5)","background-image":"","background-repeat":"repeat","background-position":"center center","background-size":"auto","background-attachment":"scroll","background-type":"","background-media":"","overlay-type":"","overlay-color":"","overlay-opacity":"","overlay-gradient":""},"mobile":{"background-color":"var(--ast-global-color-5)","background-image":"","background-repeat":"repeat","background-position":"center center","background-size":"auto","background-attachment":"scroll","background-type":"","background-media":"","overlay-type":"","overlay-color":"","overlay-opacity":"","overlay-gradient":""}},"footnotes":""},"categories":[206],"tags":[],"class_list":["post-6599","post","type-post","status-publish","format-standard","has-post-thumbnail","hentry","category-news-log"],"yoast_head":"<!-- This site is optimized with the Yoast SEO plugin v27.4 - https:\/\/yoast.com\/product\/yoast-seo-wordpress\/ -->\n<title>3.Jan&#039;17: Yenlo &amp; t2b gr\u00fcnden Joint-Venture Yenlo Switzerland - t2b.ch<\/title>\n<meta name=\"robots\" content=\"index, follow, max-snippet:-1, max-image-preview:large, max-video-preview:-1\" \/>\n<link rel=\"canonical\" href=\"https:\/\/t2b.ch\/en\/3-jan17-yenlo-t2b-gruenden-joint-venture-yenlo-switzerland\/\" \/>\n<meta property=\"og:locale\" content=\"en_GB\" \/>\n<meta property=\"og:type\" content=\"article\" \/>\n<meta property=\"og:title\" content=\"3.Jan&#039;17: Yenlo &amp; t2b gr\u00fcnden Joint-Venture Yenlo Switzerland - t2b.ch\" \/>\n<meta property=\"og:description\" content=\"Luzern, Basel und Schiphol-Rijk, Niederlande \u2013 Per 1. Januar 2017 startet das von Yenlo und t2b gemeinsam gehaltene Unternehmen mit Sitz in Luzern. Yenlo Switzerland bietet Dienstleistungen f\u00fcr Schweizer Kunden rund um die Open-Source Integrations-Plattform WSO2 an. Yenlo\u2019s CEO Ruben van der Zwan:\u00a0\u201cWir unterst\u00fctzen bereits seit einigen Jahren Schweizer Kunden aus unseren Niederlassungen in Deutschland\" \/>\n<meta property=\"og:url\" content=\"https:\/\/t2b.ch\/en\/3-jan17-yenlo-t2b-gruenden-joint-venture-yenlo-switzerland\/\" \/>\n<meta property=\"og:site_name\" content=\"t2b.ch\" \/>\n<meta property=\"article:published_time\" content=\"2017-01-03T12:36:38+00:00\" \/>\n<meta property=\"article:modified_time\" content=\"2023-11-15T12:47:50+00:00\" \/>\n<meta property=\"og:image\" content=\"https:\/\/t2b.ch\/wp-content\/uploads\/2023\/11\/20161209_1_Luzern-640x360-1.jpg\" \/>\n\t<meta property=\"og:image:width\" content=\"640\" \/>\n\t<meta property=\"og:image:height\" content=\"360\" \/>\n\t<meta property=\"og:image:type\" content=\"image\/jpeg\" \/>\n<meta name=\"author\" content=\"Masterhomepage\" \/>\n<meta name=\"twitter:card\" content=\"summary_large_image\" \/>\n<meta name=\"twitter:label1\" content=\"Written by\" \/>\n\t<meta name=\"twitter:data1\" content=\"Masterhomepage\" \/>\n\t<meta name=\"twitter:label2\" content=\"Estimated reading time\" \/>\n\t<meta name=\"twitter:data2\" content=\"2 minutes\" \/>\n<script type=\"application\/ld+json\" class=\"yoast-schema-graph\">{\"@context\":\"https:\\\/\\\/schema.org\",\"@graph\":[{\"@type\":\"Article\",\"@id\":\"https:\\\/\\\/t2b.ch\\\/3-jan17-yenlo-t2b-gruenden-joint-venture-yenlo-switzerland\\\/#article\",\"isPartOf\":{\"@id\":\"https:\\\/\\\/t2b.ch\\\/3-jan17-yenlo-t2b-gruenden-joint-venture-yenlo-switzerland\\\/\"},\"author\":{\"name\":\"Masterhomepage\",\"@id\":\"https:\\\/\\\/t2b.ch\\\/#\\\/schema\\\/person\\\/ab2a522114c9dad315f10b22ad49afd3\"},\"headline\":\"3.Jan&#8217;17: Yenlo &amp; t2b gr\u00fcnden Joint-Venture Yenlo Switzerland\",\"datePublished\":\"2017-01-03T12:36:38+00:00\",\"dateModified\":\"2023-11-15T12:47:50+00:00\",\"mainEntityOfPage\":{\"@id\":\"https:\\\/\\\/t2b.ch\\\/3-jan17-yenlo-t2b-gruenden-joint-venture-yenlo-switzerland\\\/\"},\"wordCount\":335,\"publisher\":{\"@id\":\"https:\\\/\\\/t2b.ch\\\/#organization\"},\"image\":{\"@id\":\"https:\\\/\\\/t2b.ch\\\/3-jan17-yenlo-t2b-gruenden-joint-venture-yenlo-switzerland\\\/#primaryimage\"},\"thumbnailUrl\":\"https:\\\/\\\/t2b.ch\\\/wp-content\\\/uploads\\\/2023\\\/11\\\/20161209_1_Luzern-640x360-1.jpg\",\"articleSection\":[\"News Log\"],\"inLanguage\":\"en-GB\"},{\"@type\":\"WebPage\",\"@id\":\"https:\\\/\\\/t2b.ch\\\/3-jan17-yenlo-t2b-gruenden-joint-venture-yenlo-switzerland\\\/\",\"url\":\"https:\\\/\\\/t2b.ch\\\/3-jan17-yenlo-t2b-gruenden-joint-venture-yenlo-switzerland\\\/\",\"name\":\"3.Jan'17: Yenlo &amp; t2b gr\u00fcnden Joint-Venture Yenlo Switzerland - t2b.ch\",\"isPartOf\":{\"@id\":\"https:\\\/\\\/t2b.ch\\\/#website\"},\"primaryImageOfPage\":{\"@id\":\"https:\\\/\\\/t2b.ch\\\/3-jan17-yenlo-t2b-gruenden-joint-venture-yenlo-switzerland\\\/#primaryimage\"},\"image\":{\"@id\":\"https:\\\/\\\/t2b.ch\\\/3-jan17-yenlo-t2b-gruenden-joint-venture-yenlo-switzerland\\\/#primaryimage\"},\"thumbnailUrl\":\"https:\\\/\\\/t2b.ch\\\/wp-content\\\/uploads\\\/2023\\\/11\\\/20161209_1_Luzern-640x360-1.jpg\",\"datePublished\":\"2017-01-03T12:36:38+00:00\",\"dateModified\":\"2023-11-15T12:47:50+00:00\",\"breadcrumb\":{\"@id\":\"https:\\\/\\\/t2b.ch\\\/3-jan17-yenlo-t2b-gruenden-joint-venture-yenlo-switzerland\\\/#breadcrumb\"},\"inLanguage\":\"en-GB\",\"potentialAction\":[{\"@type\":\"ReadAction\",\"target\":[\"https:\\\/\\\/t2b.ch\\\/3-jan17-yenlo-t2b-gruenden-joint-venture-yenlo-switzerland\\\/\"]}]},{\"@type\":\"ImageObject\",\"inLanguage\":\"en-GB\",\"@id\":\"https:\\\/\\\/t2b.ch\\\/3-jan17-yenlo-t2b-gruenden-joint-venture-yenlo-switzerland\\\/#primaryimage\",\"url\":\"https:\\\/\\\/t2b.ch\\\/wp-content\\\/uploads\\\/2023\\\/11\\\/20161209_1_Luzern-640x360-1.jpg\",\"contentUrl\":\"https:\\\/\\\/t2b.ch\\\/wp-content\\\/uploads\\\/2023\\\/11\\\/20161209_1_Luzern-640x360-1.jpg\",\"width\":640,\"height\":360},{\"@type\":\"BreadcrumbList\",\"@id\":\"https:\\\/\\\/t2b.ch\\\/3-jan17-yenlo-t2b-gruenden-joint-venture-yenlo-switzerland\\\/#breadcrumb\",\"itemListElement\":[{\"@type\":\"ListItem\",\"position\":1,\"name\":\"Startseite\",\"item\":\"https:\\\/\\\/t2b.ch\\\/\"},{\"@type\":\"ListItem\",\"position\":2,\"name\":\"3.Jan&#8217;17: Yenlo &amp; t2b gr\u00fcnden Joint-Venture Yenlo Switzerland\"}]},{\"@type\":\"WebSite\",\"@id\":\"https:\\\/\\\/t2b.ch\\\/#website\",\"url\":\"https:\\\/\\\/t2b.ch\\\/\",\"name\":\"t2b.ch\",\"description\":\"the integration &amp; architecture experts\",\"publisher\":{\"@id\":\"https:\\\/\\\/t2b.ch\\\/#organization\"},\"potentialAction\":[{\"@type\":\"SearchAction\",\"target\":{\"@type\":\"EntryPoint\",\"urlTemplate\":\"https:\\\/\\\/t2b.ch\\\/?s={search_term_string}\"},\"query-input\":{\"@type\":\"PropertyValueSpecification\",\"valueRequired\":true,\"valueName\":\"search_term_string\"}}],\"inLanguage\":\"en-GB\"},{\"@type\":\"Organization\",\"@id\":\"https:\\\/\\\/t2b.ch\\\/#organization\",\"name\":\"t2b AG\",\"url\":\"https:\\\/\\\/t2b.ch\\\/\",\"logo\":{\"@type\":\"ImageObject\",\"inLanguage\":\"en-GB\",\"@id\":\"https:\\\/\\\/t2b.ch\\\/#\\\/schema\\\/logo\\\/image\\\/\",\"url\":\"https:\\\/\\\/t2b.ch\\\/wp-content\\\/uploads\\\/2026\\\/01\\\/logo_t2b_transparent2-1_25.png\",\"contentUrl\":\"https:\\\/\\\/t2b.ch\\\/wp-content\\\/uploads\\\/2026\\\/01\\\/logo_t2b_transparent2-1_25.png\",\"width\":778,\"height\":320,\"caption\":\"t2b AG\"},\"image\":{\"@id\":\"https:\\\/\\\/t2b.ch\\\/#\\\/schema\\\/logo\\\/image\\\/\"},\"sameAs\":[\"https:\\\/\\\/www.linkedin.com\\\/company\\\/t2b-ag\"]},{\"@type\":\"Person\",\"@id\":\"https:\\\/\\\/t2b.ch\\\/#\\\/schema\\\/person\\\/ab2a522114c9dad315f10b22ad49afd3\",\"name\":\"Masterhomepage\",\"image\":{\"@type\":\"ImageObject\",\"inLanguage\":\"en-GB\",\"@id\":\"https:\\\/\\\/secure.gravatar.com\\\/avatar\\\/536b29a27c027dfc83bcd53f2ab11428f2746dcafb21fa4ef5659065e70accb4?s=96&d=mm&r=g\",\"url\":\"https:\\\/\\\/secure.gravatar.com\\\/avatar\\\/536b29a27c027dfc83bcd53f2ab11428f2746dcafb21fa4ef5659065e70accb4?s=96&d=mm&r=g\",\"contentUrl\":\"https:\\\/\\\/secure.gravatar.com\\\/avatar\\\/536b29a27c027dfc83bcd53f2ab11428f2746dcafb21fa4ef5659065e70accb4?s=96&d=mm&r=g\",\"caption\":\"Masterhomepage\"},\"sameAs\":[\"https:\\\/\\\/t2b.ch\\\/new\"],\"url\":\"https:\\\/\\\/t2b.ch\\\/en\\\/author\\\/administrator_mhp\\\/\"}]}<\/script>\n<!-- \/ Yoast SEO plugin. -->","yoast_head_json":{"title":"3.Jan'17: Yenlo &amp; t2b gr\u00fcnden Joint-Venture Yenlo Switzerland - t2b.ch","robots":{"index":"index","follow":"follow","max-snippet":"max-snippet:-1","max-image-preview":"max-image-preview:large","max-video-preview":"max-video-preview:-1"},"canonical":"https:\/\/t2b.ch\/en\/3-jan17-yenlo-t2b-gruenden-joint-venture-yenlo-switzerland\/","og_locale":"en_GB","og_type":"article","og_title":"3.Jan'17: Yenlo &amp; t2b gr\u00fcnden Joint-Venture Yenlo Switzerland - t2b.ch","og_description":"Luzern, Basel und Schiphol-Rijk, Niederlande \u2013 Per 1. Januar 2017 startet das von Yenlo und t2b gemeinsam gehaltene Unternehmen mit Sitz in Luzern. Yenlo Switzerland bietet Dienstleistungen f\u00fcr Schweizer Kunden rund um die Open-Source Integrations-Plattform WSO2 an. Yenlo\u2019s CEO Ruben van der Zwan:\u00a0\u201cWir unterst\u00fctzen bereits seit einigen Jahren Schweizer Kunden aus unseren Niederlassungen in Deutschland","og_url":"https:\/\/t2b.ch\/en\/3-jan17-yenlo-t2b-gruenden-joint-venture-yenlo-switzerland\/","og_site_name":"t2b.ch","article_published_time":"2017-01-03T12:36:38+00:00","article_modified_time":"2023-11-15T12:47:50+00:00","og_image":[{"width":640,"height":360,"url":"https:\/\/t2b.ch\/wp-content\/uploads\/2023\/11\/20161209_1_Luzern-640x360-1.jpg","type":"image\/jpeg"}],"author":"Masterhomepage","twitter_card":"summary_large_image","twitter_misc":{"Written by":"Masterhomepage","Estimated reading time":"2 minutes"},"schema":{"@context":"https:\/\/schema.org","@graph":[{"@type":"Article","@id":"https:\/\/t2b.ch\/3-jan17-yenlo-t2b-gruenden-joint-venture-yenlo-switzerland\/#article","isPartOf":{"@id":"https:\/\/t2b.ch\/3-jan17-yenlo-t2b-gruenden-joint-venture-yenlo-switzerland\/"},"author":{"name":"Masterhomepage","@id":"https:\/\/t2b.ch\/#\/schema\/person\/ab2a522114c9dad315f10b22ad49afd3"},"headline":"3.Jan&#8217;17: Yenlo &amp; t2b gr\u00fcnden Joint-Venture Yenlo Switzerland","datePublished":"2017-01-03T12:36:38+00:00","dateModified":"2023-11-15T12:47:50+00:00","mainEntityOfPage":{"@id":"https:\/\/t2b.ch\/3-jan17-yenlo-t2b-gruenden-joint-venture-yenlo-switzerland\/"},"wordCount":335,"publisher":{"@id":"https:\/\/t2b.ch\/#organization"},"image":{"@id":"https:\/\/t2b.ch\/3-jan17-yenlo-t2b-gruenden-joint-venture-yenlo-switzerland\/#primaryimage"},"thumbnailUrl":"https:\/\/t2b.ch\/wp-content\/uploads\/2023\/11\/20161209_1_Luzern-640x360-1.jpg","articleSection":["News Log"],"inLanguage":"en-GB"},{"@type":"WebPage","@id":"https:\/\/t2b.ch\/3-jan17-yenlo-t2b-gruenden-joint-venture-yenlo-switzerland\/","url":"https:\/\/t2b.ch\/3-jan17-yenlo-t2b-gruenden-joint-venture-yenlo-switzerland\/","name":"3.Jan'17: Yenlo &amp; t2b gr\u00fcnden Joint-Venture Yenlo Switzerland - t2b.ch","isPartOf":{"@id":"https:\/\/t2b.ch\/#website"},"primaryImageOfPage":{"@id":"https:\/\/t2b.ch\/3-jan17-yenlo-t2b-gruenden-joint-venture-yenlo-switzerland\/#primaryimage"},"image":{"@id":"https:\/\/t2b.ch\/3-jan17-yenlo-t2b-gruenden-joint-venture-yenlo-switzerland\/#primaryimage"},"thumbnailUrl":"https:\/\/t2b.ch\/wp-content\/uploads\/2023\/11\/20161209_1_Luzern-640x360-1.jpg","datePublished":"2017-01-03T12:36:38+00:00","dateModified":"2023-11-15T12:47:50+00:00","breadcrumb":{"@id":"https:\/\/t2b.ch\/3-jan17-yenlo-t2b-gruenden-joint-venture-yenlo-switzerland\/#breadcrumb"},"inLanguage":"en-GB","potentialAction":[{"@type":"ReadAction","target":["https:\/\/t2b.ch\/3-jan17-yenlo-t2b-gruenden-joint-venture-yenlo-switzerland\/"]}]},{"@type":"ImageObject","inLanguage":"en-GB","@id":"https:\/\/t2b.ch\/3-jan17-yenlo-t2b-gruenden-joint-venture-yenlo-switzerland\/#primaryimage","url":"https:\/\/t2b.ch\/wp-content\/uploads\/2023\/11\/20161209_1_Luzern-640x360-1.jpg","contentUrl":"https:\/\/t2b.ch\/wp-content\/uploads\/2023\/11\/20161209_1_Luzern-640x360-1.jpg","width":640,"height":360},{"@type":"BreadcrumbList","@id":"https:\/\/t2b.ch\/3-jan17-yenlo-t2b-gruenden-joint-venture-yenlo-switzerland\/#breadcrumb","itemListElement":[{"@type":"ListItem","position":1,"name":"Startseite","item":"https:\/\/t2b.ch\/"},{"@type":"ListItem","position":2,"name":"3.Jan&#8217;17: Yenlo &amp; t2b gr\u00fcnden Joint-Venture Yenlo Switzerland"}]},{"@type":"WebSite","@id":"https:\/\/t2b.ch\/#website","url":"https:\/\/t2b.ch\/","name":"t2b.ch","description":"the integration &amp; architecture experts","publisher":{"@id":"https:\/\/t2b.ch\/#organization"},"potentialAction":[{"@type":"SearchAction","target":{"@type":"EntryPoint","urlTemplate":"https:\/\/t2b.ch\/?s={search_term_string}"},"query-input":{"@type":"PropertyValueSpecification","valueRequired":true,"valueName":"search_term_string"}}],"inLanguage":"en-GB"},{"@type":"Organization","@id":"https:\/\/t2b.ch\/#organization","name":"t2b AG","url":"https:\/\/t2b.ch\/","logo":{"@type":"ImageObject","inLanguage":"en-GB","@id":"https:\/\/t2b.ch\/#\/schema\/logo\/image\/","url":"https:\/\/t2b.ch\/wp-content\/uploads\/2026\/01\/logo_t2b_transparent2-1_25.png","contentUrl":"https:\/\/t2b.ch\/wp-content\/uploads\/2026\/01\/logo_t2b_transparent2-1_25.png","width":778,"height":320,"caption":"t2b AG"},"image":{"@id":"https:\/\/t2b.ch\/#\/schema\/logo\/image\/"},"sameAs":["https:\/\/www.linkedin.com\/company\/t2b-ag"]},{"@type":"Person","@id":"https:\/\/t2b.ch\/#\/schema\/person\/ab2a522114c9dad315f10b22ad49afd3","name":"Masterhomepage","image":{"@type":"ImageObject","inLanguage":"en-GB","@id":"https:\/\/secure.gravatar.com\/avatar\/536b29a27c027dfc83bcd53f2ab11428f2746dcafb21fa4ef5659065e70accb4?s=96&d=mm&r=g","url":"https:\/\/secure.gravatar.com\/avatar\/536b29a27c027dfc83bcd53f2ab11428f2746dcafb21fa4ef5659065e70accb4?s=96&d=mm&r=g","contentUrl":"https:\/\/secure.gravatar.com\/avatar\/536b29a27c027dfc83bcd53f2ab11428f2746dcafb21fa4ef5659065e70accb4?s=96&d=mm&r=g","caption":"Masterhomepage"},"sameAs":["https:\/\/t2b.ch\/new"],"url":"https:\/\/t2b.ch\/en\/author\/administrator_mhp\/"}]}},"_links":{"self":[{"href":"https:\/\/t2b.ch\/en\/wp-json\/wp\/v2\/posts\/6599","targetHints":{"allow":["GET"]}}],"collection":[{"href":"https:\/\/t2b.ch\/en\/wp-json\/wp\/v2\/posts"}],"about":[{"href":"https:\/\/t2b.ch\/en\/wp-json\/wp\/v2\/types\/post"}],"author":[{"embeddable":true,"href":"https:\/\/t2b.ch\/en\/wp-json\/wp\/v2\/users\/1"}],"replies":[{"embeddable":true,"href":"https:\/\/t2b.ch\/en\/wp-json\/wp\/v2\/comments?post=6599"}],"version-history":[{"count":1,"href":"https:\/\/t2b.ch\/en\/wp-json\/wp\/v2\/posts\/6599\/revisions"}],"predecessor-version":[{"id":6612,"href":"https:\/\/t2b.ch\/en\/wp-json\/wp\/v2\/posts\/6599\/revisions\/6612"}],"wp:featuredmedia":[{"embeddable":true,"href":"https:\/\/t2b.ch\/en\/wp-json\/wp\/v2\/media\/6600"}],"wp:attachment":[{"href":"https:\/\/t2b.ch\/en\/wp-json\/wp\/v2\/media?parent=6599"}],"wp:term":[{"taxonomy":"category","embeddable":true,"href":"https:\/\/t2b.ch\/en\/wp-json\/wp\/v2\/categories?post=6599"},{"taxonomy":"post_tag","embeddable":true,"href":"https:\/\/t2b.ch\/en\/wp-json\/wp\/v2\/tags?post=6599"}],"curies":[{"name":"wp","href":"https:\/\/api.w.org\/{rel}","templated":true}]}}